{"id":299,"date":"2022-06-06T17:24:45","date_gmt":"2022-06-06T17:24:45","guid":{"rendered":"https:\/\/transjsoles.com\/?p=299"},"modified":"2022-06-06T17:24:45","modified_gmt":"2022-06-06T17:24:45","slug":"transports-soles-patrocina-el-rally-emporda-2019-2","status":"publish","type":"post","link":"https:\/\/transjsoles.com\/es\/transports-soles-patrocina-el-rally-emporda-2019-2\/","title":{"rendered":"Transports Sol\u00e9s patrocina el Rally Empord\u00e0 2019"},"content":{"rendered":"<p>En Transports Sol\u00e9s estamos con el mundo del motor, y m\u00e1s cuando hablamos de acontecimientos deportivos que se organizan en nuestra zona. As\u00ed que este a\u00f1o, una vez m\u00e1s, patrocinamos el Rally Empord\u00e0, aunque en esta edici\u00f3n no se ha podido celebrar la carrera.<\/p>\n<p>La organizaci\u00f3n, la\u00a0<a href=\"http:\/\/www.escuderiabaixemporda.com\/\">Escuderia Baix Empord\u00e0<\/a>\u00a0(EBE), se ha visto obligada a cancelar la prueba, que se iba a celebrar el 25 de mayo, con salida y llegada en La Bisbal. A final del mes de marzo, la Diputaci\u00f3n de Girona, titular de la carretera GIV-6703 por la que transcurr\u00eda el rally, comunic\u00f3 al Servicio Catal\u00e1n de Tr\u00e1fico que estaba prevista una actuaci\u00f3n en esta carretera que la hac\u00eda incompatible con el paso de veh\u00edculos participantes en una prueba deportiva. Por este motivo, no se autoriz\u00f3 la prueba.<\/p>\n<p>La Escuderia Baix Empord\u00e0 ha emitido un comunicado en el que explica que \u201ca pesar de tener a punto toda la documentaci\u00f3n del 34\u00ba Rally Empord\u00e0, el inicio de los reconocimientos, la entrega del itinerario y del road-book estaba previsto para el d\u00eda 11 de mayo. Esto provoca que nos sea imposible plantearnos unos nuevos tramos que no est\u00e9n afectados por las obras de este a\u00f1o y confeccionar un nuevo itinerario, ya que no disponemos de tramos sin obras, ni de tiempo material para realizarlo\u201d.<\/p>\n<p>Aun as\u00ed, \u00a1las ganas de motor no han quedado insatisfechas! La afici\u00f3n ha podido disfrutar del espacio de exposici\u00f3n, en el que se ha generado un excelente ambiente y muchas ganas de vernos de nuevo en la pr\u00f3xima edici\u00f3n.<\/p>","protected":false},"excerpt":{"rendered":"<p>En Transports Sol\u00e9s estamos con el mundo del motor, y m\u00e1s cuando hablamos de acontecimientos deportivos que se organizan en nuestra zona. As\u00ed que este a\u00f1o, una vez m\u00e1s, patrocinamos el Rally Empord\u00e0, aunque en esta edici\u00f3n no se ha podido celebrar la carrera. La organizaci\u00f3n, la\u00a0Escuderia Baix Empord\u00e0\u00a0(EBE), se ha visto obligada a cancelar [&hellip;]<\/p>\n","protected":false},"author":1,"featured_media":300,"comment_status":"closed","ping_status":"closed","sticky":false,"template":"","format":"standard","meta":{"inline_featured_image":false,"footnotes":""},"categories":[1],"tags":[],"class_list":["post-299","post","type-post","status-publish","format-standard","has-post-thumbnail","hentry","category-sin-categoria"],"acf":[],"_links":{"self":[{"href":"https:\/\/transjsoles.com\/es\/wp-json\/wp\/v2\/posts\/299","targetHints":{"allow":["GET"]}}],"collection":[{"href":"https:\/\/transjsoles.com\/es\/wp-json\/wp\/v2\/posts"}],"about":[{"href":"https:\/\/transjsoles.com\/es\/wp-json\/wp\/v2\/types\/post"}],"author":[{"embeddable":true,"href":"https:\/\/transjsoles.com\/es\/wp-json\/wp\/v2\/users\/1"}],"replies":[{"embeddable":true,"href":"https:\/\/transjsoles.com\/es\/wp-json\/wp\/v2\/comments?post=299"}],"version-history":[{"count":1,"href":"https:\/\/transjsoles.com\/es\/wp-json\/wp\/v2\/posts\/299\/revisions"}],"predecessor-version":[{"id":301,"href":"https:\/\/transjsoles.com\/es\/wp-json\/wp\/v2\/posts\/299\/revisions\/301"}],"wp:featuredmedia":[{"embeddable":true,"href":"https:\/\/transjsoles.com\/es\/wp-json\/wp\/v2\/media\/300"}],"wp:attachment":[{"href":"https:\/\/transjsoles.com\/es\/wp-json\/wp\/v2\/media?parent=299"}],"wp:term":[{"taxonomy":"category","embeddable":true,"href":"https:\/\/transjsoles.com\/es\/wp-json\/wp\/v2\/categories?post=299"},{"taxonomy":"post_tag","embeddable":true,"href":"https:\/\/transjsoles.com\/es\/wp-json\/wp\/v2\/tags?post=299"}],"curies":[{"name":"wp","href":"https:\/\/api.w.org\/{rel}","templated":true}]}}